[{"@context":"https:\/\/schema.org\/","@type":"Blog","@id":"https:\/\/www.gerasro.cz#Blog","headline":"Gera sro","description":"\nNezpochybniteln\u00e1 moudrost je vz\u00e1cn\u00e1, a proto se j\u00ed na mnoho internetov\u00fdch str\u00e1nek nedostalo. Ale v\u011b\u0159te, \u017ee n\u00e1m se j\u00ed dostalo m\u011brou p\u0159\u00edmo vrchovatou.","url":"https:\/\/www.gerasro.cz","hasPart":[{"@type":"Article","@id":"https:\/\/www.gerasro.cz\/ceske-sklo-vyniklo-ve-svete-predevsim-zasluhou-brouseneho-kristalu\/","headline":"\u010cesk\u00e9 sklo vyniklo ve sv\u011bt\u011b p\u0159edev\u0161\u00edm z\u00e1sluhou brou\u0161en\u00e9ho k\u0159i\u0161\u0165\u00e1lu","url":"https:\/\/www.gerasro.cz\/ceske-sklo-vyniklo-ve-svete-predevsim-zasluhou-brouseneho-kristalu\/","datePublished":"2018-02-28","dateModified":"2023-05-03","mainEntityOfPage":"https:\/\/www.gerasro.cz\/ceske-sklo-vyniklo-ve-svete-predevsim-zasluhou-brouseneho-kristalu\/","author":{"@type":"Person","@id":"https:\/\/www.gerasro.cz\/author\/#Person","name":"","url":"https:\/\/www.gerasro.cz\/author\/","identifier":1,"image":{"@type":"ImageObject","@id":"https:\/\/secure.gravatar.com\/avatar\/59b0e4716b6bc16861d789b0eb3efe04cb591482277f92a016ec4356fe735210?s=96&d=mm&r=g","url":"https:\/\/secure.gravatar.com\/avatar\/59b0e4716b6bc16861d789b0eb3efe04cb591482277f92a016ec4356fe735210?s=96&d=mm&r=g","height":96,"width":96}},"publisher":{"@type":"Organization","name":"gerasro.cz","logo":{"@type":"ImageObject","@id":"\/logo.png","url":"\/logo.png","width":600,"height":60}},"image":{"@type":"ImageObject","@id":"https:\/\/www.gerasro.cz\/wp-content\/uploads\/img_a314293_w2514_t1525039599.jpg","url":"https:\/\/www.gerasro.cz\/wp-content\/uploads\/img_a314293_w2514_t1525039599.jpg","height":0,"width":0},"wordCount":561,"keywords":null},{"@type":"Article","@id":"https:\/\/www.gerasro.cz\/pujcka-pro-kazdeho\/","headline":"P\u016fj\u010dka pro ka\u017ed\u00e9ho","url":"https:\/\/www.gerasro.cz\/pujcka-pro-kazdeho\/","datePublished":"2018-02-16","dateModified":"2023-05-03","mainEntityOfPage":"https:\/\/www.gerasro.cz\/pujcka-pro-kazdeho\/","author":{"@type":"Person","@id":"https:\/\/www.gerasro.cz\/author\/#Person","name":"","url":"https:\/\/www.gerasro.cz\/author\/","identifier":1,"image":{"@type":"ImageObject","@id":"https:\/\/secure.gravatar.com\/avatar\/59b0e4716b6bc16861d789b0eb3efe04cb591482277f92a016ec4356fe735210?s=96&d=mm&r=g","url":"https:\/\/secure.gravatar.com\/avatar\/59b0e4716b6bc16861d789b0eb3efe04cb591482277f92a016ec4356fe735210?s=96&d=mm&r=g","height":96,"width":96}},"publisher":{"@type":"Organization","name":"gerasro.cz","logo":{"@type":"ImageObject","@id":"\/logo.png","url":"\/logo.png","width":600,"height":60}},"image":{"@type":"ImageObject","@id":"https:\/\/www.gerasro.cz\/wp-content\/uploads\/img_a313842_w2222_t1524648799.jpg","url":"https:\/\/www.gerasro.cz\/wp-content\/uploads\/img_a313842_w2222_t1524648799.jpg","height":0,"width":0},"wordCount":540,"keywords":null},{"@type":"Article","@id":"https:\/\/www.gerasro.cz\/zastreseni-s-reklamou\/","headline":"Zast\u0159e\u0161en\u00ed (s) reklamou","url":"https:\/\/www.gerasro.cz\/zastreseni-s-reklamou\/","datePublished":"2018-02-09","dateModified":"2023-05-03","mainEntityOfPage":"https:\/\/www.gerasro.cz\/zastreseni-s-reklamou\/","author":{"@type":"Person","@id":"https:\/\/www.gerasro.cz\/author\/#Person","name":"","url":"https:\/\/www.gerasro.cz\/author\/","identifier":1,"image":{"@type":"ImageObject","@id":"https:\/\/secure.gravatar.com\/avatar\/59b0e4716b6bc16861d789b0eb3efe04cb591482277f92a016ec4356fe735210?s=96&d=mm&r=g","url":"https:\/\/secure.gravatar.com\/avatar\/59b0e4716b6bc16861d789b0eb3efe04cb591482277f92a016ec4356fe735210?s=96&d=mm&r=g","height":96,"width":96}},"publisher":{"@type":"Organization","name":"gerasro.cz","logo":{"@type":"ImageObject","@id":"\/logo.png","url":"\/logo.png","width":600,"height":60}},"image":{"@type":"ImageObject","@id":"https:\/\/www.gerasro.cz\/wp-content\/uploads\/img_a308988_w2199_t1519991075.jpg","url":"https:\/\/www.gerasro.cz\/wp-content\/uploads\/img_a308988_w2199_t1519991075.jpg","height":0,"width":0},"wordCount":532,"keywords":null},{"@type":"Article","@id":"https:\/\/www.gerasro.cz\/prodietix-omelety\/","headline":"Prodietix omelety","url":"https:\/\/www.gerasro.cz\/prodietix-omelety\/","datePublished":"2017-12-12","dateModified":"2023-05-03","mainEntityOfPage":"https:\/\/www.gerasro.cz\/prodietix-omelety\/","author":{"@type":"Person","@id":"https:\/\/www.gerasro.cz\/author\/#Person","name":"","url":"https:\/\/www.gerasro.cz\/author\/","identifier":1,"image":{"@type":"ImageObject","@id":"https:\/\/secure.gravatar.com\/avatar\/59b0e4716b6bc16861d789b0eb3efe04cb591482277f92a016ec4356fe735210?s=96&d=mm&r=g","url":"https:\/\/secure.gravatar.com\/avatar\/59b0e4716b6bc16861d789b0eb3efe04cb591482277f92a016ec4356fe735210?s=96&d=mm&r=g","height":96,"width":96}},"publisher":{"@type":"Organization","name":"gerasro.cz","logo":{"@type":"ImageObject","@id":"\/logo.png","url":"\/logo.png","width":600,"height":60}},"image":{"@type":"ImageObject","@id":"https:\/\/www.gerasro.cz\/wp-content\/uploads\/img_a306194_w2104_t1517389635.jpg","url":"https:\/\/www.gerasro.cz\/wp-content\/uploads\/img_a306194_w2104_t1517389635.jpg","height":0,"width":0},"wordCount":543,"keywords":null},{"@type":"Article","@id":"https:\/\/www.gerasro.cz\/eet\/","headline":"EET","url":"https:\/\/www.gerasro.cz\/eet\/","datePublished":"2017-11-27","dateModified":"2023-05-03","mainEntityOfPage":"https:\/\/www.gerasro.cz\/eet\/","author":{"@type":"Person","@id":"https:\/\/www.gerasro.cz\/author\/#Person","name":"","url":"https:\/\/www.gerasro.cz\/author\/","identifier":1,"image":{"@type":"ImageObject","@id":"https:\/\/secure.gravatar.com\/avatar\/59b0e4716b6bc16861d789b0eb3efe04cb591482277f92a016ec4356fe735210?s=96&d=mm&r=g","url":"https:\/\/secure.gravatar.com\/avatar\/59b0e4716b6bc16861d789b0eb3efe04cb591482277f92a016ec4356fe735210?s=96&d=mm&r=g","height":96,"width":96}},"publisher":{"@type":"Organization","name":"gerasro.cz","logo":{"@type":"ImageObject","@id":"\/logo.png","url":"\/logo.png","width":600,"height":60}},"image":{"@type":"ImageObject","@id":"https:\/\/www.gerasro.cz\/wp-content\/uploads\/img_a305624_w2362_t1517085486.jpg","url":"https:\/\/www.gerasro.cz\/wp-content\/uploads\/img_a305624_w2362_t1517085486.jpg","height":0,"width":0},"wordCount":495,"keywords":null},{"@type":"Article","@id":"https:\/\/www.gerasro.cz\/tmave-modra-barva-zvyrazni-vasi-osobnost-a-zapusobi-svym-jedinecnym-celkovym-dojmem\/","headline":"Tmav\u011b modr\u00e1 barva zv\u00fdrazn\u00ed va\u0161i osobnost a zap\u016fsob\u00ed sv\u00fdm jedine\u010dn\u00fdm celkov\u00fdm dojmem","url":"https:\/\/www.gerasro.cz\/tmave-modra-barva-zvyrazni-vasi-osobnost-a-zapusobi-svym-jedinecnym-celkovym-dojmem\/","datePublished":"2017-08-02","dateModified":"2023-05-03","mainEntityOfPage":"https:\/\/www.gerasro.cz\/tmave-modra-barva-zvyrazni-vasi-osobnost-a-zapusobi-svym-jedinecnym-celkovym-dojmem\/","author":{"@type":"Person","@id":"https:\/\/www.gerasro.cz\/author\/#Person","name":"","url":"https:\/\/www.gerasro.cz\/author\/","identifier":1,"image":{"@type":"ImageObject","@id":"https:\/\/secure.gravatar.com\/avatar\/59b0e4716b6bc16861d789b0eb3efe04cb591482277f92a016ec4356fe735210?s=96&d=mm&r=g","url":"https:\/\/secure.gravatar.com\/avatar\/59b0e4716b6bc16861d789b0eb3efe04cb591482277f92a016ec4356fe735210?s=96&d=mm&r=g","height":96,"width":96}},"publisher":{"@type":"Organization","name":"gerasro.cz","logo":{"@type":"ImageObject","@id":"\/logo.png","url":"\/logo.png","width":600,"height":60}},"image":{"@type":"ImageObject","@id":"https:\/\/www.gerasro.cz\/wp-content\/uploads\/img_a304516_w2222_t1515574346.jpg","url":"https:\/\/www.gerasro.cz\/wp-content\/uploads\/img_a304516_w2222_t1515574346.jpg","height":0,"width":0},"wordCount":591,"keywords":null},{"@type":"Article","@id":"https:\/\/www.gerasro.cz\/sluzby-na-ktere-je-spolehnuti\/","headline":"Slu\u017eby, na kter\u00e9 je spolehnut\u00ed","url":"https:\/\/www.gerasro.cz\/sluzby-na-ktere-je-spolehnuti\/","datePublished":"2017-07-23","dateModified":"2023-05-03","mainEntityOfPage":"https:\/\/www.gerasro.cz\/sluzby-na-ktere-je-spolehnuti\/","author":{"@type":"Person","@id":"https:\/\/www.gerasro.cz\/author\/#Person","name":"","url":"https:\/\/www.gerasro.cz\/author\/","identifier":1,"image":{"@type":"ImageObject","@id":"https:\/\/secure.gravatar.com\/avatar\/59b0e4716b6bc16861d789b0eb3efe04cb591482277f92a016ec4356fe735210?s=96&d=mm&r=g","url":"https:\/\/secure.gravatar.com\/avatar\/59b0e4716b6bc16861d789b0eb3efe04cb591482277f92a016ec4356fe735210?s=96&d=mm&r=g","height":96,"width":96}},"publisher":{"@type":"Organization","name":"gerasro.cz","logo":{"@type":"ImageObject","@id":"\/logo.png","url":"\/logo.png","width":600,"height":60}},"image":{"@type":"ImageObject","@id":"https:\/\/www.gerasro.cz\/wp-content\/uploads\/img_a292734_w1906_t1505154629.jpg","url":"https:\/\/www.gerasro.cz\/wp-content\/uploads\/img_a292734_w1906_t1505154629.jpg","height":0,"width":0},"wordCount":489,"keywords":null}]},{"@context":"https:\/\/schema.org","@type":"WebSite","@id":"https:\/\/www.gerasro.cz\/#website","name":"Gera sro","url":"https:\/\/www.gerasro.cz","potentialAction":{"@type":"SearchAction","target":"https:\/\/www.gerasro.cz\/?s={search_term_string}","query-input":"required name=search_term_string"}}]