[{"@context":"https:\/\/schema.org\/","@type":"Article","@id":"https:\/\/www.gerasro.cz\/kdyz-neni-bunda-idealnim-resenim\/#Article","mainEntityOfPage":"https:\/\/www.gerasro.cz\/kdyz-neni-bunda-idealnim-resenim\/","headline":"Kdy\u017e nen\u00ed bunda ide\u00e1ln\u00edm \u0159e\u0161en\u00edm","name":"Kdy\u017e nen\u00ed bunda ide\u00e1ln\u00edm \u0159e\u0161en\u00edm","description":"Zima je\u0161t\u011b nekon\u010d\u00ed, je t\u0159eba b\u00fdt st\u00e1le v\u00a0teple, kdy\u017e jdeme ven. Jist\u011b p\u0159em\u00fd\u0161l\u00edte, co si obl\u00e9knout. Ne v\u017edy je zimn\u00ed bunda ide\u00e1ln\u00ed \u0159e\u0161en\u00ed. Jako \u017eeny se chceme l\u00edbit, proto si &hellip; <a href=\"https:\/\/www.gerasro.cz\/kdyz-neni-bunda-idealnim-resenim\/\" class=\"more-link\">Read More<\/a>","datePublished":"2024-11-06","dateModified":"2024-11-06","author":{"@type":"Person","@id":"https:\/\/www.gerasro.cz\/author\/#Person","name":"","url":"https:\/\/www.gerasro.cz\/author\/","identifier":1,"image":{"@type":"ImageObject","@id":"https:\/\/secure.gravatar.com\/avatar\/59b0e4716b6bc16861d789b0eb3efe04cb591482277f92a016ec4356fe735210?s=96&d=mm&r=g","url":"https:\/\/secure.gravatar.com\/avatar\/59b0e4716b6bc16861d789b0eb3efe04cb591482277f92a016ec4356fe735210?s=96&d=mm&r=g","height":96,"width":96}},"publisher":{"@type":"Organization","name":"gerasro.cz","logo":{"@type":"ImageObject","@id":"\/logo.png","url":"\/logo.png","width":600,"height":60}},"url":"https:\/\/www.gerasro.cz\/kdyz-neni-bunda-idealnim-resenim\/","wordCount":248,"articleBody":"\tZima je\u0161t\u011b nekon\u010d\u00ed, je t\u0159eba b\u00fdt st\u00e1le v\u00a0teple, kdy\u017e jdeme ven. Jist\u011b p\u0159em\u00fd\u0161l\u00edte, co si obl\u00e9knout. Ne v\u017edy je zimn\u00ed bunda ide\u00e1ln\u00ed \u0159e\u0161en\u00ed. Jako \u017eeny se chceme l\u00edbit, proto si vol\u00edme m\u00f3dn\u00ed, ale z\u00e1rove\u0148 funk\u010dn\u00ed kusy oble\u010den\u00ed, jsem toti\u017e chytr\u00e9. D\u00e1msk\u00e9 kab\u00e1ty jsou pro n\u00e1s ide\u00e1ln\u00ed, kr\u00e1sn\u00e9 a funk\u010dn\u00ed, zkr\u00e1tka dokonal\u00e9. Nad\u011bl\u00e1me v\u00a0nich spoustu par\u00e1dy a bude n\u00e1m po celou dobu no\u0161en\u00ed p\u0159\u00edjemn\u00e9 teplo a to je nejd\u016fle\u017eit\u011bj\u0161\u00ed. \u017deny, vym\u011b\u0148te sv\u00e9 star\u00e9 bundy a uvid\u00edte, \u017ee to je nejlep\u0161\u00ed rozhodnut\u00ed, kter\u00e9 m\u016f\u017eete je\u0161t\u011b tuto zimu ud\u011blat.\tV\u00fdb\u011br nepodce\u0148ujteNepodce\u0148ujte ale v\u00fdb\u011br. Ka\u017ed\u00e1 jsem jin\u00e1. Mal\u00e1, vysok\u00e1, vysportovan\u00e1, \u0161t\u00edhl\u00e1, siln\u011bj\u0161\u00ed i boubelka se mezi n\u00e1mi najde. Proto tak\u00e9 ale ka\u017ed\u00e9 slu\u0161\u00ed n\u011bco jin\u00e9ho, co pom\u016f\u017ee i leckter\u00e9 nedokonalosti zamaskovat. D\u00e1msk\u00e9 kab\u00e1ty n\u00e1m nab\u00edzej\u00ed \u0161irokou \u0161k\u00e1lu st\u0159ih\u016f, d\u00e9lek, barev i materi\u00e1l\u016f a v\u017edy je nutn\u00e9 zohlednit n\u00e1\u0161 typ postavy.\u00a0 Jen tak vynikneme. Kr\u00e1tk\u00fd, dlouh\u00fd, s\u00a0l\u00edmcem i bez n\u011bho, na zip \u010di na knofl\u00edky, s\u00a0ko\u017e\u00ed\u0161kem i bez ko\u017e\u00ed\u0161ku. Nab\u00eddka je opravdu pestr\u00e1, sta\u010d\u00ed si jen vybrat a vyrazit ven. Zima u\u017e si na v\u00e1s nep\u0159ijde.                                                                                                                                                                                                                                                                                                                                                                                        4.7\/5 - (3 votes)        "},{"@context":"https:\/\/schema.org\/","@type":"BreadcrumbList","itemListElement":[{"@type":"ListItem","position":1,"name":"Kdy\u017e nen\u00ed bunda ide\u00e1ln\u00edm \u0159e\u0161en\u00edm","item":"https:\/\/www.gerasro.cz\/kdyz-neni-bunda-idealnim-resenim\/#breadcrumbitem"}]}]